{"id":1224,"date":"2023-02-14T08:04:03","date_gmt":"2023-02-14T08:04:03","guid":{"rendered":"https:\/\/www.niemalsvergessen.at\/?p=1224"},"modified":"2023-02-14T12:22:09","modified_gmt":"2023-02-14T12:22:09","slug":"die-idee","status":"publish","type":"post","link":"https:\/\/www.niemalsvergessen.at\/?p=1224","title":{"rendered":"Die Idee"},"content":{"rendered":"\n<p><strong>Die antifaschistische Jugendarbeit im Geiste Hermann Langbeins<\/strong><\/p>\n\n\n\n<p>Die antifaschistische Jugendarbeit ist seit vielen Jahren ein Thema in der Lehrer- und Sch\u00fclerfortbildung. Getragen wird sie vor allem von engagierten Vereinen und Einzelpersonen, wobei hier die ZeitzeugInnen besonders erw\u00e4hnt werden sollen. Hermann Langbein war der Pionier der Idee des Einsatzes von ZeitzeugInnen an Schulen f\u00fcr die antifaschistische Jugendarbeit. In seinem Geiste sind die nachfolgenden Beispiele angef\u00fchrt.<\/p>\n\n\n\n<p>Der <strong>Verein \u201eNiemals Vergessen<\/strong> &#8211; Verein f\u00fcr die F\u00f6rderung von Holocaust-Gedenkst\u00e4tten\u201c, wurde 1994 gegr\u00fcndet. Viele wichtige Pers\u00f6nlichkeiten des \u00f6sterreichischen politischen Geschehens engagieren sich aktiv im Verein.<\/p>\n\n\n\n<p>Der Verein unterst\u00fctzt weiters aktiv die Ju\u00adgendarbeit in Form von Projekten, sowie die Errichtung und Pflege von Gedenkst\u00e4tten. Allj\u00e4hrlich finden in Wien, mitgetragen vom Verein \u201eNiemals Vergessen\u201c, Gedenkkund\u00adgebungen bei den ehemaligen KZ-Au\u00dfenlagern in Wien, mit reger Beteiligung und Mitwirkung von Sch\u00fclerInnen der Wiener Berufsschulen, statt (Wien-Floridsdorf, Simmering, &#8230;) <\/p>\n\n\n\n<p>Als Erfolg kann hier nur ein dauerhafter Einstellungswandel und eine Sensibilisierung gegen\u00fcber dem Thema NS-Zeit verstanden werden.<\/p>\n","protected":false},"excerpt":{"rendered":"<p>Die antifaschistische Jugendarbeit im Geiste Hermann Langbeins Die antifaschistische Jugendarbeit ist seit vielen Jahren ein Thema in der Lehrer- und Sch\u00fclerfortbildung. Getragen wird sie vor allem von engagierten Vereinen und Einzelpersonen, wobei hier die ZeitzeugInnen besonders erw\u00e4hnt werden sollen. Hermann Langbein war der Pionier der Idee des Einsatzes von ZeitzeugInnen an Schulen f\u00fcr die antifaschistische &hellip; <a href=\"https:\/\/www.niemalsvergessen.at\/?p=1224\" class=\"more-link\"><span class=\"screen-reader-text\">Die Idee<\/span> weiterlesen<\/a><\/p>\n","protected":false},"author":2,"featured_media":0,"comment_status":"closed","ping_status":"closed","sticky":false,"template":"","format":"standard","meta":{"_jetpack_memberships_contains_paid_content":false,"footnotes":""},"categories":[30],"tags":[],"class_list":["post-1224","post","type-post","status-publish","format-standard","hentry","category-die-idee"],"jetpack_featured_media_url":"","jetpack_sharing_enabled":true,"_links":{"self":[{"href":"https:\/\/www.niemalsvergessen.at\/index.php?rest_route=\/wp\/v2\/posts\/1224","targetHints":{"allow":["GET"]}}],"collection":[{"href":"https:\/\/www.niemalsvergessen.at\/index.php?rest_route=\/wp\/v2\/posts"}],"about":[{"href":"https:\/\/www.niemalsvergessen.at\/index.php?rest_route=\/wp\/v2\/types\/post"}],"author":[{"embeddable":true,"href":"https:\/\/www.niemalsvergessen.at\/index.php?rest_route=\/wp\/v2\/users\/2"}],"replies":[{"embeddable":true,"href":"https:\/\/www.niemalsvergessen.at\/index.php?rest_route=%2Fwp%2Fv2%2Fcomments&post=1224"}],"version-history":[{"count":2,"href":"https:\/\/www.niemalsvergessen.at\/index.php?rest_route=\/wp\/v2\/posts\/1224\/revisions"}],"predecessor-version":[{"id":1241,"href":"https:\/\/www.niemalsvergessen.at\/index.php?rest_route=\/wp\/v2\/posts\/1224\/revisions\/1241"}],"wp:attachment":[{"href":"https:\/\/www.niemalsvergessen.at\/index.php?rest_route=%2Fwp%2Fv2%2Fmedia&parent=1224"}],"wp:term":[{"taxonomy":"category","embeddable":true,"href":"https:\/\/www.niemalsvergessen.at\/index.php?rest_route=%2Fwp%2Fv2%2Fcategories&post=1224"},{"taxonomy":"post_tag","embeddable":true,"href":"https:\/\/www.niemalsvergessen.at\/index.php?rest_route=%2Fwp%2Fv2%2Ftags&post=1224"}],"curies":[{"name":"wp","href":"https:\/\/api.w.org\/{rel}","templated":true}]}}