{"id":1228,"date":"2023-02-14T08:09:17","date_gmt":"2023-02-14T08:09:17","guid":{"rendered":"https:\/\/www.niemalsvergessen.at\/?p=1228"},"modified":"2023-03-30T08:48:14","modified_gmt":"2023-03-30T08:48:14","slug":"gedenkveranstaltung-saurerwerke","status":"publish","type":"post","link":"https:\/\/www.niemalsvergessen.at\/?p=1228","title":{"rendered":"Gedenkveranstaltung Saurerwerke"},"content":{"rendered":"\n<h2 class=\"wp-block-heading\">Geschichte des Konzentrationslagers<\/h2>\n\n\n\n<p>Ab dem 20. August 1944 befand sich in Wien-Simmering (11. Bezirk) das KZ-Au\u00dfenlager \u201eSaurerwerke\u201c (auch: Saurer-Werke und \u201eWien-West\u201c). Die rund 150 H\u00e4ftlinge des ersten Transports wurden in einem Barackenlager vor den Toren des Werksareals, das vorher f\u00fcr Zivil-Internierte und Kriegsgefangene genutzt worden war, untergebracht.<\/p>\n\n\n\n<h2 class=\"wp-block-heading\">Lokalisierung<\/h2>\n\n\n\n<p>Die Werkshallen der Saurerwerke in der Haidestra\u00dfe22\/Oriongasse im 11. Wiener Gemeindebezirk bestehen nach wie vor, das ehemalige Lagergel\u00e4nde ist heute mit neuen Gewerbeobjekten der Firma LGV Frischgem\u00fcse Wien reg. Gen.m.b.H. \u00fcberbaut.<\/p>\n\n\n\n<h2 class=\"wp-block-heading\">Informationen \u00fcber die H\u00e4ftlinge<\/h2>\n\n\n\n<p>Im ersten Monat des Bestehens wuchs die Anzahl der H\u00e4ftlinge von etwa 150 auf 1.000 an, zwei weitere Monate sp\u00e4ter befanden sich bereits 1.391 Personen im KZ Saurerwerke. Ende Februar bis Mitte M\u00e4rz 1945 erreichte es den H\u00f6chststand von 1.480 H\u00e4ftlingen. Die M\u00e4nner, die meisten waren mit der Kennzeichnung \u201epolitisch\u201c in KZ-Haft, kamen aus Deutschland, Frankreich, Griechenland, Italien, Jugoslawien, \u00d6sterreich, den Niederlanden, Belgien, Spanien, Luxemburg, Polen, der Sowjetunion, der Tschechoslowakei und Ungarn; unter ihnen befanden sich auch einige j\u00fcdische H\u00e4ftlinge. Lager\u00e4ltester war der H\u00e4ftling Franz Kalteis aus Wien, der auf Betreiben der illegalen Widerstandsorganisationen der H\u00e4ftlinge des KZ Mauthausen nach Simmering geschickt wurde. Auch in den Saurerwerken formierte sich eine illegale H\u00e4ftlingsorganisation, bestehend aus Vertretern aller im Lager vertretenen Nationen und (politischen) Richtungen, die von Walter Ehlen (Funktion\u00e4r des deutschen Kommunistischen Jugendverbandes) aufgebaut und geleitet wurde.<\/p>\n\n\n\n<h2 class=\"wp-block-heading\">Zwangsarbeit<\/h2>\n\n\n\n<p>Die Saurerwerke waren bereits vor dem Anschluss auf Kettenfahrzeuge und LKW spezialisiert und f\u00fchrten die Produktion unter dem Nazi-Regime fort. Die KZ-H\u00e4ftlinge wurden ausschlie\u00dflich bei der Fertigung von Panzerschleppern eingesetzt. Sie arbeiteten in der C-Halle im Werk 2 (hier wurden die Fenster vergittert und Mauern gebaut). Da das Werksareal zu klein war, wurden zwei gro\u00dfe S\u00e4le im Untergescho\u00df des nahe gelegenen Schlosses Neugeb\u00e4ude ebenfalls bis Ende M\u00e4rz 1945 als Produktionshalle verwendet. \u00dcberlebende berichteten sp\u00e4ter, dass sie von zivilen \u00f6sterreichischen und ausl\u00e4ndischen Arbeitern immer wieder Solidarit\u00e4t erfuhren. Davon abgesehen waren die Arbeitsbedingungen schwer. Insgesamt starben 40 Gefangene im KZ-Au\u00dfenlager. Weitere 17 kamen nach ihrer R\u00fcck\u00fcberstellung in das Stammlager Mauthausen im \u201eSanit\u00e4tslager\u201c ums Leben.<\/p>\n\n\n\n<h2 class=\"wp-block-heading\">Bewachung<\/h2>\n\n\n\n<p>SS-Hauptsturmf\u00fchrer Johann G\u00e4rtner war Lagerkommandant, SS-Oberscharf\u00fchrer Karl Kleine fungierte als Schutzhaftlagerf\u00fchrer und SS-Oberscharf\u00fchrer Gerhard Wittkowski als F\u00fchrer vom Dienst. Vier Mauthausener SS Offiziere, 46 SS-Unteroffiziere sowie 85 SS-Mannschaftsgrade bewachten die H\u00e4ftlinge.<\/p>\n\n\n\n<h2 class=\"wp-block-heading\">Schlie\u00dfung<\/h2>\n\n\n\n<p>Am 1. April 1945 wurde die Evakuierung des KZ Saurerwerke vorbereitet. Dem Lager\u00e4ltesten Franz Kalteis gelang es, SS-Hauptsturmf\u00fchrer G\u00e4rtner davon abzubringen, die rund 190 Kranken bzw. \u201eMarschunf\u00e4higen\u201c umzubringen und sie stattdessen im Lager zur\u00fcckzulassen, als am n\u00e4chsten Tag 1.276 H\u00e4ftlinge in drei Kolonnen auf den Evakuierungsmarsch geschickt wurden. Von Simmering wurden sie \u00fcber Purkersdorf, St. P\u00f6lten, Mank, Scheibbs, Gresten, Randegg und Seitenstetten nach Steyr getrieben. Unterwegs wurden viele H\u00e4ftlinge von SS-M\u00e4nnern erschossen, einige starben an Ersch\u00f6pfung, 25 H\u00e4ftlingen gelang die Flucht. Am 23. April 1945 kamen schlie\u00dflich 1.076 H\u00e4ftlinge im Mauthausener Au\u00dfenlager Steyr-M\u00fcnichholz an. Eine Woche sp\u00e4ter, am 30. April, wurden 497 von ihnen ins Stammlager \u00fcberstellt. Die \u201eMarschunf\u00e4higen\u201c, die in Simmering zur\u00fcckgeblieben waren, wurden am 8. April 1945 von sowjetischen Truppen befreit.<\/p>\n\n\n\n<h2 class=\"wp-block-heading\">Gedenken und Erinnern<\/h2>\n\n\n\n<p>Auf Initiative der SP\u00d6-Bezirksorganisation Wien-Simmering wurde 1981 &#8211; einige hundert Meter \u00f6stlich des Arelas des ehemaligen Au\u00dfenlagers &#8211; ein Gedenkstein errichtet. Jedes Jahr findet hier eine Gedenkveranstaltung statt, die vom <a rel=\"noreferrer noopener\" href=\"https:\/\/www.niemalsvergessen.at\/\" target=\"_blank\">Verein <\/a><a href=\"https:\/\/www.niemalsvergessen.at\/\">Niemals Vergessen<\/a>, der im Netzwerk des Mauthausen Komitees \u00d6sterreichs t\u00e4tig ist, organisiert wird und an der der \u201eBund Sozialdemokratischer Freiheitsk\u00e4mpfer\/innen, Opfer des Faschismus und aktiver Antifaschist\/inn\/en\u201c, das Mauthausen Komitee \u00d6sterreich und die Wiener Berufsschulen teilnehmen. Das Programm mit den Gedenkveranstaltungen befindet sich auf der Webseite des <a rel=\"noreferrer noopener\" href=\"http:\/\/www.mkoe.at\/angebote-projekte\/gedenk-und-befreiungsfeiern\/programm\" target=\"_blank\">Mauthausen Komitees \u00d6sterreich<\/a>.<\/p>\n\n\n\n<p>Wir bedanken uns f\u00fcr die freundliche Unterst\u00fctzung bei dem Gasthaus \u201cZur Bast\u201d.<\/p>\n\n\n\n<p><strong><span style=\"text-decoration: underline;\">Gedenkfeier 28-03-2023<\/span><\/strong><\/p>\n\n\n\n<p>Um 14:00 fand im Festsaal des Gasthaus Bast im 11. Bezirk die Gedenkfeier zur Befreiung des Au\u00dfenlagers Sauererwerke statt.<br>Zahlreiche Ehreng\u00e4ste, darunter VertreterInnen aus verschiedenen Botschaften, Interessierte, sowie Sch\u00fclerInnen und LehrerInnen aus den Wiener Berufsschulen LTZ, GG und EHDV waren vertreten.<\/p>\n\n\n\n<p>Nach einf\u00fchrenden Worten von Henri Schreiber und Mag. Robert Vorberg, begleitete Thea Schwantner mit dem Text des Mauthausen Schwurs, die Teilnehmerinnen und Teilnehmer hinunter zum Gedenkstein zur Kranzniederlegung.<\/p>\n\n\n\n<figure class=\"wp-block-image size-full\"><a href=\"https:\/\/www.niemalsvergessen.at\/wp-content\/uploads\/2023\/03\/4.jpg\"><img loading=\"lazy\" decoding=\"async\" width=\"768\" height=\"1024\" src=\"https:\/\/www.niemalsvergessen.at\/wp-content\/uploads\/2023\/03\/4.jpg\" alt=\"\" class=\"wp-image-1286\" srcset=\"https:\/\/www.niemalsvergessen.at\/wp-content\/uploads\/2023\/03\/4.jpg 768w, https:\/\/www.niemalsvergessen.at\/wp-content\/uploads\/2023\/03\/4-225x300.jpg 225w\" sizes=\"auto, (max-width: 768px) 100vw, 768px\" \/><\/a><\/figure>\n\n\n\n<figure class=\"wp-block-image size-full\"><a href=\"https:\/\/www.niemalsvergessen.at\/wp-content\/uploads\/2023\/03\/1.jpg\"><img loading=\"lazy\" decoding=\"async\" width=\"1024\" height=\"768\" src=\"https:\/\/www.niemalsvergessen.at\/wp-content\/uploads\/2023\/03\/1.jpg\" alt=\"\" class=\"wp-image-1282\" srcset=\"https:\/\/www.niemalsvergessen.at\/wp-content\/uploads\/2023\/03\/1.jpg 1024w, https:\/\/www.niemalsvergessen.at\/wp-content\/uploads\/2023\/03\/1-300x225.jpg 300w, https:\/\/www.niemalsvergessen.at\/wp-content\/uploads\/2023\/03\/1-768x576.jpg 768w\" sizes=\"auto, (max-width: 1024px) 100vw, 1024px\" \/><\/a><\/figure>\n\n\n\n<figure class=\"wp-block-image size-full\"><a href=\"https:\/\/www.niemalsvergessen.at\/wp-content\/uploads\/2023\/03\/2.jpg\"><img loading=\"lazy\" decoding=\"async\" width=\"1024\" height=\"768\" src=\"https:\/\/www.niemalsvergessen.at\/wp-content\/uploads\/2023\/03\/2.jpg\" alt=\"\" class=\"wp-image-1283\" srcset=\"https:\/\/www.niemalsvergessen.at\/wp-content\/uploads\/2023\/03\/2.jpg 1024w, https:\/\/www.niemalsvergessen.at\/wp-content\/uploads\/2023\/03\/2-300x225.jpg 300w, https:\/\/www.niemalsvergessen.at\/wp-content\/uploads\/2023\/03\/2-768x576.jpg 768w\" sizes=\"auto, (max-width: 1024px) 100vw, 1024px\" \/><\/a><\/figure>\n\n\n\n<figure class=\"wp-block-image size-full\"><a href=\"https:\/\/www.niemalsvergessen.at\/wp-content\/uploads\/2023\/03\/3.jpg\"><img loading=\"lazy\" decoding=\"async\" width=\"683\" height=\"383\" src=\"https:\/\/www.niemalsvergessen.at\/wp-content\/uploads\/2023\/03\/3-edited.jpg\" alt=\"\" class=\"wp-image-1285\" srcset=\"https:\/\/www.niemalsvergessen.at\/wp-content\/uploads\/2023\/03\/3-edited.jpg 683w, https:\/\/www.niemalsvergessen.at\/wp-content\/uploads\/2023\/03\/3-edited-300x168.jpg 300w\" sizes=\"auto, (max-width: 683px) 100vw, 683px\" \/><\/a><\/figure>\n","protected":false},"excerpt":{"rendered":"<p>Geschichte des Konzentrationslagers Ab dem 20. August 1944 befand sich in Wien-Simmering (11. Bezirk) das KZ-Au\u00dfenlager \u201eSaurerwerke\u201c (auch: Saurer-Werke und \u201eWien-West\u201c). Die rund 150 H\u00e4ftlinge des ersten Transports wurden in einem Barackenlager vor den Toren des Werksareals, das vorher f\u00fcr Zivil-Internierte und Kriegsgefangene genutzt worden war, untergebracht. Lokalisierung Die Werkshallen der Saurerwerke in der Haidestra\u00dfe22\/Oriongasse &hellip; <a href=\"https:\/\/www.niemalsvergessen.at\/?p=1228\" class=\"more-link\"><span class=\"screen-reader-text\">Gedenkveranstaltung Saurerwerke<\/span> weiterlesen<\/a><\/p>\n","protected":false},"author":2,"featured_media":0,"comment_status":"closed","ping_status":"closed","sticky":false,"template":"","format":"standard","meta":{"_jetpack_memberships_contains_paid_content":false,"footnotes":""},"categories":[32],"tags":[],"class_list":["post-1228","post","type-post","status-publish","format-standard","hentry","category-aussenlager-saurerwerke"],"jetpack_featured_media_url":"","jetpack_sharing_enabled":true,"_links":{"self":[{"href":"https:\/\/www.niemalsvergessen.at\/index.php?rest_route=\/wp\/v2\/posts\/1228","targetHints":{"allow":["GET"]}}],"collection":[{"href":"https:\/\/www.niemalsvergessen.at\/index.php?rest_route=\/wp\/v2\/posts"}],"about":[{"href":"https:\/\/www.niemalsvergessen.at\/index.php?rest_route=\/wp\/v2\/types\/post"}],"author":[{"embeddable":true,"href":"https:\/\/www.niemalsvergessen.at\/index.php?rest_route=\/wp\/v2\/users\/2"}],"replies":[{"embeddable":true,"href":"https:\/\/www.niemalsvergessen.at\/index.php?rest_route=%2Fwp%2Fv2%2Fcomments&post=1228"}],"version-history":[{"count":7,"href":"https:\/\/www.niemalsvergessen.at\/index.php?rest_route=\/wp\/v2\/posts\/1228\/revisions"}],"predecessor-version":[{"id":1288,"href":"https:\/\/www.niemalsvergessen.at\/index.php?rest_route=\/wp\/v2\/posts\/1228\/revisions\/1288"}],"wp:attachment":[{"href":"https:\/\/www.niemalsvergessen.at\/index.php?rest_route=%2Fwp%2Fv2%2Fmedia&parent=1228"}],"wp:term":[{"taxonomy":"category","embeddable":true,"href":"https:\/\/www.niemalsvergessen.at\/index.php?rest_route=%2Fwp%2Fv2%2Fcategories&post=1228"},{"taxonomy":"post_tag","embeddable":true,"href":"https:\/\/www.niemalsvergessen.at\/index.php?rest_route=%2Fwp%2Fv2%2Ftags&post=1228"}],"curies":[{"name":"wp","href":"https:\/\/api.w.org\/{rel}","templated":true}]}}